{"exhibit":{"title":"Le pouvoir d'art ","description":"<p>Nous r\u00e9pondrons \u00e0 la question&nbsp;: quelle est l'importance de l'art dans les r\u00e9cits des opprim\u00e9s ?<a id=\"_anchor_1\" name=\"_msoanchor_1\" href=\"#_msocom_1\"><br \/><\/a><\/p>","credits":"Amylee Anyoha","featured":0,"public":1,"theme":"minimalist","theme_options":"a:3:{s:10:\"bigpicture\";a:4:{s:4:\"logo\";N;s:11:\"footer_text\";s:0:\"\";s:24:\"display_footer_copyright\";s:1:\"0\";s:19:\"use_advanced_search\";s:1:\"0\";}s:9:\"centerrow\";a:9:{s:4:\"logo\";N;s:12:\"header_image\";N;s:11:\"footer_text\";s:0:\"\";s:24:\"display_footer_copyright\";s:1:\"0\";s:19:\"use_advanced_search\";s:1:\"0\";s:13:\"body_bg_color\";s:7:\"#FFFFFF\";s:12:\"border_color\";s:7:\"#DEDEDE\";s:10:\"link_color\";s:7:\"#C72E2E\";s:11:\"other_media\";s:1:\"1\";}s:10:\"minimalist\";a:6:{s:4:\"logo\";N;s:11:\"footer_text\";s:0:\"\";s:24:\"display_footer_copyright\";s:1:\"0\";s:17:\"item_file_gallery\";s:1:\"0\";s:19:\"use_advanced_search\";s:1:\"0\";s:12:\"exhibits_nav\";s:4:\"full\";}}","slug":"artdansconflict","added":"2018-04-26 15:50:57","modified":"2020-05-08 17:04:56","owner_id":63,"use_summary_page":0,"cover_image_file_id":1093,"id":78},"item":{"item_type_id":6,"collection_id":null,"featured":0,"public":1,"added":"2018-04-26 16:08:11","modified":"2019-04-18 17:03:30","owner_id":63,"id":575}}